{"id":10878,"date":"2022-05-27T21:20:50","date_gmt":"2022-05-27T13:20:50","guid":{"rendered":"https:\/\/www.stableawning.com\/toldo-de-varanda\/"},"modified":"2026-01-09T17:04:43","modified_gmt":"2026-01-09T09:04:43","slug":"toldo-de-varanda","status":"publish","type":"post","link":"https:\/\/www.stableawning.com\/pt-pt\/toldo-de-varanda\/","title":{"rendered":"Toldo de varanda"},"content":{"rendered":"<p>[vc_row][vc_column][vc_column_text]<\/p>\n<h3 style=\"text-align: center; color: #0884cf;\">Toldo est\u00e1vel Toldo para varanda<\/h3>\n<p>[\/vc_column_text][\/vc_column][\/vc_row][vc_row][vc_column][vc_column_text css=&#8221;.vc_custom_1668764442322{background-color: #fafafa !important;}&#8221;]<\/p>\n<h4 style=\"color: #0884cf;\">Introdu\u00e7\u00e3o:<\/h4>\n<p>[\/vc_column_text][vc_column_text] <a href=\"https:\/\/www.stableawning.com\/pt-pt\/toldo-para-varanda-e-patio\/\">O toldo para <\/a>varanda est\u00e1 concebido para varandas, terra\u00e7os, janelas e halls. A sua singularidade reside na aus\u00eancia de postes, o que lhe confere maior versatilidade e permite a sua utiliza\u00e7\u00e3o em diversos tipos de varandas. Por vezes, os clientes tamb\u00e9m o denominam de cobertura para varanda. A profundidade e o comprimento da cobertura podem ser personalizados, no entanto a profundidade n\u00e3o deve exceder os 2,5 metros (8,2 p\u00e9s) para garantir uma maior estabilidade. Caso a profundidade seja superior a 2,5 metros (8,2 p\u00e9s), recomendamos a escolha do modelo com postes, que oferece maior resist\u00eancia.    <\/p>\n<p>Embora este tipo de toldo n\u00e3o possua postes, utiliza uma estrutura principal robusta em liga de alum\u00ednio para suportar toda a estrutura.<\/p>\n<p>A Stable Awning fornecer\u00e1 toldos de alta qualidade<a href=\"https:\/\/www.stableawning.com\/pt-pt\/toldo-para-varanda-e-patio\/\"> para varandas e tamb\u00e9m<\/a> oferecer\u00e1 instru\u00e7\u00f5es de instala\u00e7\u00e3o. Podemos ainda prestar apoio t\u00e9cnico para a instala\u00e7\u00e3o, caso seja necess\u00e1rio.<\/p>\n<p>[\/vc_column_text][vc_column_text css=&#8221;.vc_custom_1653659088814{background-color: #fafafa !important;}&#8221;]<\/p>\n<p>&nbsp;<\/p>\n<h4 style=\"color: #0884cf;\">Produtos para cobertura de varanda com toldo est\u00e1vel:<\/h4>\n<p>[\/vc_column_text][\/vc_column][\/vc_row][vc_row][vc_column width=&#8221;1\/3&#8243;][vc_column_text]<img loading=\"lazy\" decoding=\"async\" width=\"700\" height=\"600\" class=\"size-full wp-image-817 aligncenter\" src=\"\/wp-content\/uploads\/2022\/05\/stable-awning-balcony-awning3.jpg\" alt=\"toldo est\u00e1vel toldo de varanda\">[\/vc_column_text][\/vc_column][vc_column width=&#8221;1\/3&#8243;][vc_column_text]<img loading=\"lazy\" decoding=\"async\" width=\"700\" height=\"600\" class=\"size-full wp-image-816 aligncenter\" src=\"\/wp-content\/uploads\/2022\/05\/stable-awning-balcony-awning2.jpg\" alt=\"toldo est\u00e1vel toldo de varanda\">[\/vc_column_text][\/vc_column][vc_column width=&#8221;1\/3&#8243;][vc_column_text]<img loading=\"lazy\" decoding=\"async\" width=\"700\" height=\"600\" class=\"size-full wp-image-815 aligncenter\" src=\"\/wp-content\/uploads\/2022\/05\/stable-awning-balcony-awning1.jpg\" alt=\"toldo est\u00e1vel toldo de varanda\">[\/vc_column_text][\/vc_column][\/vc_row][vc_row][vc_column][vc_column_text css=&#8221;.vc_custom_1653659011257{background-color: #fafafa !important;}&#8221;]<\/p>\n<h4 style=\"color: #0884cf;\">Como medir a cobertura da varanda?<\/h4>\n<p>[\/vc_column_text][vc_column_text]<img loading=\"lazy\" decoding=\"async\" class=\"size-full wp-image-798 aligncenter\" src=\"\/wp-content\/uploads\/2022\/05\/how-to-measure-balcony-awning.jpg\" alt=\"como medir a cobertura da varanda\" width=\"726\" height=\"396\">[\/vc_column_text][vc_column_text css=&#8221;.vc_custom_1668764452544{background-color: #fafafa !important;}&#8221;]<\/p>\n<h4 style=\"color: #0884cf;\">Caracter\u00edstico:<\/h4>\n<p>[\/vc_column_text][vc_column_text]A superf\u00edcie da nossa estrutura em alum\u00ednio \u00e9 revestida com um revestimento especial para exteriores, cuja pintura pode durar mais de 10 anos, prolongando a vida \u00fatil do produto. A chapa de policarbonato da Bayer, da Alemanha, \u00e9 da mesma qualidade, de alta densidade, com uma excelente resili\u00eancia, sendo super resistente e capaz de suportar impactos de for\u00e7as externas.[\/vc_column_text][vc_column_text css=&#8221;.vc_custom_1668764459517{background-color: #fafafa !important;}&#8221;]<\/p>\n<h4 style=\"color: #0884cf;\">Por que precisa dele?<\/h4>\n<p>[\/vc_column_text][vc_column_text]Al\u00e9m de embelezar a vista geral do terra\u00e7o, reflete tamb\u00e9m a procura de qualidade de vida do propriet\u00e1rio. No ver\u00e3o, pode desfrutar da frescura no terra\u00e7o coberto e, no inverno, aquecer-se ao sol. Quando chegar o fim de semana, fa\u00e7a um churrasco com os amigos ou simplesmente converse e beba algo debaixo do toldo, desfrutando de momentos de conforto.[\/vc_column_text][\/vc_column][\/vc_row][vc_row][vc_column][vc_column_text css=&#8221;.vc_custom_1668764465224{background-color: #fafafa !important;}&#8221;]<\/p>\n<h4 style=\"color: #0884cf;\">Detalhe:<\/h4>\n<p>[\/vc_column_text][vc_column_text]<img loading=\"lazy\" decoding=\"async\" class=\"alignnone size-full wp-image-4395\" src=\"https:\/\/www.stableawning.com\/wp-content\/uploads\/2025\/11\/Balcony-Awning.jpg\" alt=\"\" width=\"1920\" height=\"1177\" srcset=\"https:\/\/www.stableawning.com\/wp-content\/uploads\/2025\/11\/Balcony-Awning.jpg 1920w, https:\/\/www.stableawning.com\/wp-content\/uploads\/2025\/11\/Balcony-Awning-1080x662.jpg 1080w, https:\/\/www.stableawning.com\/wp-content\/uploads\/2025\/11\/Balcony-Awning-768x471.jpg 768w, https:\/\/www.stableawning.com\/wp-content\/uploads\/2025\/11\/Balcony-Awning-1536x942.jpg 1536w\" sizes=\"auto, (max-width: 1920px) 100vw, 1920px\" \/>[\/vc_column_text][vc_column_text css=&#8221;.vc_custom_1668764470497{background-color: #fafafa !important;}&#8221;]<\/p>\n<h4 style=\"color: #0884cf;\">Placa maci\u00e7a de policarbonato. Cor:<\/h4>\n<p>[\/vc_column_text][\/vc_column][\/vc_row][vc_row][vc_column width=&#8221;1\/5&#8243;][vc_column_text]<img loading=\"lazy\" decoding=\"async\" width=\"498\" height=\"412\" class=\"size-full wp-image-777 aligncenter\" src=\"\/wp-content\/uploads\/2022\/05\/stable-awning-clear-polycarbonate-solid-board.jpg\" alt=\"placa s\u00f3lida de policarbonato transparente\">[\/vc_column_text][vc_column_text]<\/p>\n<p style=\"text-align: center;\"><strong>Claro<\/strong><\/p>\n<p>[\/vc_column_text][\/vc_column][vc_column width=&#8221;1\/5&#8243;][vc_column_text]<img loading=\"lazy\" decoding=\"async\" width=\"498\" height=\"412\" class=\"size-full wp-image-774 aligncenter\" src=\"\/wp-content\/uploads\/2022\/05\/stable-awning-brown-polycarbonate-solid-board.jpg\" alt=\"placa s\u00f3lida de policarbonato castanho\">[\/vc_column_text][vc_column_text]<\/p>\n<p style=\"text-align: center;\"><strong>Castanho<\/strong><\/p>\n<p>[\/vc_column_text][\/vc_column][vc_column width=&#8221;1\/5&#8243;][vc_column_text]<img loading=\"lazy\" decoding=\"async\" width=\"498\" height=\"412\" class=\"size-full wp-image-773 aligncenter\" src=\"\/wp-content\/uploads\/2022\/05\/stable-awning-blue-polycarbonate-solid-board.jpg\" alt=\"placa s\u00f3lida de policarbonato azul\">[\/vc_column_text][vc_column_text]<\/p>\n<p style=\"text-align: center;\"><strong>Azul<\/strong><\/p>\n<p>[\/vc_column_text][\/vc_column][vc_column width=&#8221;1\/5&#8243;][vc_column_text]<img loading=\"lazy\" decoding=\"async\" width=\"498\" height=\"412\" class=\"size-full wp-image-780 aligncenter\" src=\"\/wp-content\/uploads\/2022\/05\/stable-awning-light-grey-polycarbonate-solid-board.jpg\" alt=\"placa s\u00f3lida de policarbonato cinza claro\">[\/vc_column_text][vc_column_text]<\/p>\n<p style=\"text-align: center;\"><strong>Cinza claro<\/strong><\/p>\n<p>[\/vc_column_text][\/vc_column][vc_column width=&#8221;1\/5&#8243;][vc_column_text]<img loading=\"lazy\" decoding=\"async\" width=\"498\" height=\"412\" class=\"size-full wp-image-781 aligncenter\" src=\"\/wp-content\/uploads\/2022\/05\/stable-awning-middle-grey-polycarbonate-solid-board.jpg\" alt=\"placa s\u00f3lida de policarbonato cinzento m\u00e9dio\">[\/vc_column_text][vc_column_text]<\/p>\n<p style=\"text-align: center;\"><strong>Cinza m\u00e9dio<\/strong><\/p>\n<p>[\/vc_column_text][\/vc_column][\/vc_row][vc_row][vc_column][vc_column_text css=&#8221;.vc_custom_1653663888510{background-color: #fafafa !important;}&#8221;]<\/p>\n<h4 style=\"color: #0884cf;\">Toldo est\u00e1vel para varanda com estrutura em liga de alum\u00ednio. Cor:<\/h4>\n<p>[\/vc_column_text][\/vc_column][\/vc_row][vc_row][vc_column width=&#8221;1\/4&#8243;][vc_column_text]<img loading=\"lazy\" decoding=\"async\" width=\"375\" height=\"310\" class=\"size-full wp-image-782 aligncenter\" src=\"\/wp-content\/uploads\/2022\/05\/stable-awning-white-aluminum-alloy-frame.jpg\" alt=\"estrutura em liga de alum\u00ednio branca\">[\/vc_column_text][vc_column_text]<\/p>\n<p style=\"text-align: center;\"><strong>Branco<\/strong><\/p>\n<p>[\/vc_column_text][\/vc_column][vc_column width=&#8221;1\/4&#8243;][vc_column_text]<img loading=\"lazy\" decoding=\"async\" width=\"375\" height=\"310\" class=\"size-full wp-image-779 aligncenter\" src=\"\/wp-content\/uploads\/2022\/05\/stable-awning-grey-aluminum-alloy-frame.jpg\" alt=\"estrutura em liga de alum\u00ednio cinzento\">[\/vc_column_text][vc_column_text]<\/p>\n<p style=\"text-align: center;\"><strong>Cinzento<\/strong><\/p>\n<p>[\/vc_column_text][\/vc_column][vc_column width=&#8221;1\/4&#8243;][vc_column_text]<img loading=\"lazy\" decoding=\"async\" width=\"375\" height=\"310\" class=\"size-full wp-image-778 aligncenter\" src=\"\/wp-content\/uploads\/2022\/05\/stable-awning-coffee-aluminum-alloy-frame.jpg\" alt=\"arma\u00e7\u00e3o em liga de alum\u00ednio para caf\u00e9\">[\/vc_column_text][vc_column_text]<\/p>\n<p style=\"text-align: center;\"><strong>Caf\u00e9<\/strong><\/p>\n<p>[\/vc_column_text][\/vc_column][\/vc_row][vc_row][vc_column][vc_column_text css=&#8221;.vc_custom_1653663816223{background-color: #fafafa !important;}&#8221;]<\/p>\n<h4 style=\"color: #0884cf;\">Acess\u00f3rios e especifica\u00e7\u00f5es para toldo est\u00e1vel para varanda:<\/h4>\n<p>[\/vc_column_text][\/vc_column][\/vc_row][vc_row][vc_column width=&#8221;1\/4&#8243;][vc_column_text]<img loading=\"lazy\" decoding=\"async\" width=\"220\" height=\"220\" class=\"size-full wp-image-804 aligncenter\" src=\"\/wp-content\/uploads\/2022\/05\/stable-awning-balcony-awning-aluminum-alloy-side-frame.png\" alt=\"toldo de varanda com estrutura lateral em liga de alum\u00ednio\">[\/vc_column_text][vc_column_text]<\/p>\n<p style=\"text-align: center;\">Moldura lateral: 55\u00d760mm<br \/>\nEspessura: 1,3~2,5mm<\/p>\n<p>[\/vc_column_text][\/vc_column][vc_column width=&#8221;1\/4&#8243;][vc_column_text]<img loading=\"lazy\" decoding=\"async\" width=\"220\" height=\"220\" class=\"size-full wp-image-802 aligncenter\" src=\"\/wp-content\/uploads\/2022\/05\/stable-awning-balcony-awning-aluminum-alloy-middle-frame.png\" alt=\"toldo est\u00e1vel para varanda, estrutura central em liga de alum\u00ednio\">[\/vc_column_text][vc_column_text]<\/p>\n<p style=\"text-align: center;\">Moldura central: 52\u00d775mm<br \/>\nEspessura: 0,3~1,7mm<\/p>\n<p>[\/vc_column_text][\/vc_column][vc_column width=&#8221;1\/4&#8243;][vc_column_text]<img loading=\"lazy\" decoding=\"async\" width=\"220\" height=\"220\" class=\"size-full wp-image-808 aligncenter\" src=\"\/wp-content\/uploads\/2022\/05\/stable-awning-balcony-awning-aluminum-alloy-water-pipe.png\" alt=\"toldo de varanda em liga de alum\u00ednio para tubagem de \u00e1gua\">[\/vc_column_text][vc_column_text]<\/p>\n<p style=\"text-align: center;\">Tubo de \u00e1gua: \u03c650mm<br \/>\nEspessura: 1,0mm<\/p>\n<p>[\/vc_column_text][\/vc_column][vc_column width=&#8221;1\/4&#8243;][vc_column_text]<img loading=\"lazy\" decoding=\"async\" width=\"220\" height=\"220\" class=\"size-full wp-image-807 aligncenter\" src=\"\/wp-content\/uploads\/2022\/05\/stable-awning-balcony-awning-aluminum-alloy-water-channel.png\" alt=\"cobertura de varanda em liga de alum\u00ednio para caleira de \u00e1gua\">[\/vc_column_text][vc_column_text]<\/p>\n<p style=\"text-align: center;\">Canal de \u00e1gua: 128\u00d780mm<br \/>\nEspessura: 1,1~2,7mm<\/p>\n<p>[\/vc_column_text][\/vc_column][\/vc_row][vc_row][vc_column width=&#8221;1\/5&#8243;][vc_column_text]<img loading=\"lazy\" decoding=\"async\" width=\"220\" height=\"220\" class=\"size-full wp-image-803 aligncenter\" src=\"\/wp-content\/uploads\/2022\/05\/stable-awning-balcony-awning-aluminum-alloy-rail.png\" alt=\"calha em liga de alum\u00ednio para toldo de varanda\">[\/vc_column_text][vc_column_text]<\/p>\n<p style=\"text-align: center;\">Calha: 35\u00d730mm<br \/>\nEspessura: 1,0mm<\/p>\n<p>[\/vc_column_text][\/vc_column][vc_column width=&#8221;1\/5&#8243;][vc_column_text]<img loading=\"lazy\" decoding=\"async\" width=\"220\" height=\"220\" class=\"size-full wp-image-799 aligncenter\" src=\"\/wp-content\/uploads\/2022\/05\/stable-awning-balcony-awning-aluminum-alloy-back-frame.png\" alt=\"toldo de varanda com estrutura traseira em liga de alum\u00ednio\">[\/vc_column_text][vc_column_text]<\/p>\n<p style=\"text-align: center;\">Moldura traseira: 60\u00d740mm<br \/>\nEspessura: 1,0~1,2mm<\/p>\n<p>[\/vc_column_text][\/vc_column][vc_column width=&#8221;1\/5&#8243;][vc_column_text]<img loading=\"lazy\" decoding=\"async\" width=\"220\" height=\"220\" class=\"size-full wp-image-805 aligncenter\" src=\"\/wp-content\/uploads\/2022\/05\/stable-awning-balcony-awning-aluminum-alloy-support-meam.png\" alt=\"suporte em liga de alum\u00ednio para toldo de varanda\">[\/vc_column_text][vc_column_text]<\/p>\n<p style=\"text-align: center;\">Viga de suporte: 95,7*58,8 mm<br \/>\nEspessura: 2,4-3,7 mm<\/p>\n<p>[\/vc_column_text][\/vc_column][vc_column width=&#8221;1\/5&#8243;][vc_column_text]<img loading=\"lazy\" decoding=\"async\" class=\"size-full wp-image-2857 aligncenter\" src=\"\/wp-content\/uploads\/2023\/02\/support-beam-base.jpg\" alt=\"base da viga de suporte\" width=\"220\" height=\"220\">[\/vc_column_text][vc_column_text]<\/p>\n<p style=\"text-align: center;\"><strong>Base da viga de suporte<\/strong><\/p>\n<p>[\/vc_column_text][\/vc_column][vc_column width=&#8221;1\/5&#8243;][vc_column_text]<img loading=\"lazy\" decoding=\"async\" width=\"220\" height=\"220\" class=\"size-full wp-image-813 aligncenter\" src=\"\/wp-content\/uploads\/2022\/05\/stable-awning-balcony-awning-pc-board.png\" alt=\"placa de computador para toldo de varanda\">[\/vc_column_text][vc_column_text]<\/p>\n<p style=\"text-align: center;\">Placa de circuito impresso: 2,0\/3,0 mm<\/p>\n<p>[\/vc_column_text][\/vc_column][\/vc_row][vc_row][vc_column][vc_column_text css=&#8221;.vc_custom_1653664341198{background-color: #fafafa !important;}&#8221;]<\/p>\n<h4 style=\"color: #0884cf;\">Processo principal de produ\u00e7\u00e3o de toldo est\u00e1vel para varanda:<\/h4>\n<p>[\/vc_column_text][vc_column_text]<img loading=\"lazy\" decoding=\"async\" width=\"1200\" height=\"329\" class=\"size-full wp-image-811 aligncenter\" src=\"\/wp-content\/uploads\/2022\/05\/stable-awning-balcony-awning-main-production-process.jpg\" alt=\"processo principal de produ\u00e7\u00e3o de toldos de varanda\" srcset=\"https:\/\/www.stableawning.com\/wp-content\/uploads\/2022\/05\/stable-awning-balcony-awning-main-production-process.jpg 1200w, https:\/\/www.stableawning.com\/wp-content\/uploads\/2022\/05\/stable-awning-balcony-awning-main-production-process-1080x296.jpg 1080w, https:\/\/www.stableawning.com\/wp-content\/uploads\/2022\/05\/stable-awning-balcony-awning-main-production-process-768x211.jpg 768w\" sizes=\"auto, (max-width: 1200px) 100vw, 1200px\" \/>[\/vc_column_text][vc_column_text css=&#8221;.vc_custom_1653664265234{background-color: #fafafa !important;}&#8221;]<\/p>\n<h4 style=\"color: #0884cf;\">Toldo est\u00e1vel para varanda &#8211; Dispon\u00edvel nos tipos L e R.<\/h4>\n<p>[\/vc_column_text][vc_column_text]<img decoding=\"async\" class=\"size-full wp-image-810 aligncenter\" src=\"\/wp-content\/uploads\/2022\/05\/stable-awning-balcony-awning-L-type-and-R-type.jpg\" alt=\"toldo de varanda tipo L e tipo R\" width=\"1200\">[\/vc_column_text][vc_column_text css=&#8221;.vc_custom_1732690666091{background-color: #fafafa !important;}&#8221;]<\/p>\n<h4 style=\"color: #0884cf;\">Instala\u00e7\u00e3o de toldo est\u00e1vel para varanda<\/h4>\n<p>[\/vc_column_text][vc_column_text]<\/p>\n<div style=\"width: 1200px;\" class=\"wp-video\"><video class=\"wp-video-shortcode\" id=\"video-10878-1\" width=\"1200\" height=\"675\" preload=\"metadata\" controls=\"controls\"><source type=\"video\/mp4\" src=\"https:\/\/www.stableawning.com\/wp-content\/uploads\/2024\/12\/StableAwning-Balcony-Awning-Installation-Video1.mp4?_=1\" \/><a href=\"https:\/\/www.stableawning.com\/wp-content\/uploads\/2024\/12\/StableAwning-Balcony-Awning-Installation-Video1.mp4\">https:\/\/www.stableawning.com\/wp-content\/uploads\/2024\/12\/StableAwning-Balcony-Awning-Installation-Video1.mp4<\/a><\/video><\/div>\n<p>[\/vc_column_text][vc_column_text css=&#8221;.vc_custom_1653664171224{background-color: #fafafa !important;}&#8221;]<\/p>\n<h4 style=\"color: #0884cf;\">Toldo est\u00e1vel para varanda, cobertura e mais aplica\u00e7\u00f5es.<\/h4>\n<p>[\/vc_column_text][vc_column_text]<img loading=\"lazy\" decoding=\"async\" width=\"1200\" height=\"627\" class=\"size-full wp-image-809 aligncenter\" src=\"\/wp-content\/uploads\/2022\/05\/stable-awning-balcony-awning-application-cases.jpg\" alt=\"casos de aplica\u00e7\u00e3o de toldos de varanda\" srcset=\"https:\/\/www.stableawning.com\/wp-content\/uploads\/2022\/05\/stable-awning-balcony-awning-application-cases.jpg 1200w, https:\/\/www.stableawning.com\/wp-content\/uploads\/2022\/05\/stable-awning-balcony-awning-application-cases-1080x564.jpg 1080w, https:\/\/www.stableawning.com\/wp-content\/uploads\/2022\/05\/stable-awning-balcony-awning-application-cases-768x401.jpg 768w\" sizes=\"auto, (max-width: 1200px) 100vw, 1200px\" \/>[\/vc_column_text][vc_column_text css=&#8221;.vc_custom_1653664074428{background-color: #fafafa !important;}&#8221;]<\/p>\n<h4 style=\"color: #0884cf;\">Embalagem para toldo est\u00e1vel para varanda:<\/h4>\n<p>[\/vc_column_text][vc_column_text]<img loading=\"lazy\" decoding=\"async\" width=\"1200\" height=\"340\" class=\"size-full wp-image-812 aligncenter\" src=\"\/wp-content\/uploads\/2022\/05\/stable-awning-balcony-awning-packing.jpg\" alt=\"embalagem de toldo de varanda\" srcset=\"https:\/\/www.stableawning.com\/wp-content\/uploads\/2022\/05\/stable-awning-balcony-awning-packing.jpg 1200w, https:\/\/www.stableawning.com\/wp-content\/uploads\/2022\/05\/stable-awning-balcony-awning-packing-1080x306.jpg 1080w, https:\/\/www.stableawning.com\/wp-content\/uploads\/2022\/05\/stable-awning-balcony-awning-packing-768x218.jpg 768w\" sizes=\"auto, (max-width: 1200px) 100vw, 1200px\" \/>[\/vc_column_text][\/vc_column][\/vc_row]<\/p>\n","protected":false},"excerpt":{"rendered":"<p>[vc_row][vc_column][vc_column_text] Toldo est\u00e1vel Toldo para varanda [\/vc_column_text][\/vc_column][\/vc_row][vc_row][vc_column][vc_column_text css=&#8221;.vc_custom_1668764442322{background-color: #fafafa !important;}&#8221;] Introdu\u00e7\u00e3o: [\/vc_column_text][vc_column_text] O toldo para varanda est\u00e1 concebido para varandas, terra\u00e7os, janelas e halls. A sua singularidade reside na aus\u00eancia de postes, o que lhe confere maior versatilidade e permite a sua utiliza\u00e7\u00e3o em diversos tipos de varandas. Por vezes, os clientes tamb\u00e9m o denominam&hellip;<\/p>\n","protected":false},"author":2,"featured_media":10898,"comment_status":"closed","ping_status":"closed","sticky":false,"template":"","format":"standard","meta":[],"categories":[153],"tags":[],"class_list":["post-10878","post","type-post","status-publish","format-standard","has-post-thumbnail","hentry","category-patio-e-varanda-toldo","category-153","description-off"],"yoast_head":"<!-- This site is optimized with the Yoast SEO plugin v26.6 - https:\/\/yoast.com\/wordpress\/plugins\/seo\/ -->\n<title>Fornecedor de toldos para varanda em liga de alum\u00ednio<\/title>\n<meta name=\"description\" content=\"O toldo para varanda \u00e9 concebido especificamente para este fim. A profundidade e o comprimento podem ser personalizados, mas a profundidade n\u00e3o deve ultrapassar os 2,5 metros (8,2 p\u00e9s), para garantir uma maior estabilidade ao toldo.\" \/>\n<meta name=\"robots\" content=\"index, follow, max-snippet:-1, max-image-preview:large, max-video-preview:-1\" \/>\n<link rel=\"canonical\" href=\"https:\/\/www.stableawning.com\/pt-pt\/toldo-de-varanda\/\" \/>\n<meta property=\"og:locale\" content=\"pt_PT\" \/>\n<meta property=\"og:type\" content=\"article\" \/>\n<meta property=\"og:title\" content=\"Fornecedor de toldos para varanda em liga de alum\u00ednio\" \/>\n<meta property=\"og:description\" content=\"O toldo para varanda \u00e9 concebido especificamente para este fim. A profundidade e o comprimento podem ser personalizados, mas a profundidade n\u00e3o deve ultrapassar os 2,5 metros (8,2 p\u00e9s), para garantir uma maior estabilidade ao toldo.\" \/>\n<meta property=\"og:url\" content=\"https:\/\/www.stableawning.com\/pt-pt\/toldo-de-varanda\/\" \/>\n<meta property=\"og:site_name\" content=\"Chongqing Estavel Toldo Manufatura Co., Ltd.\" \/>\n<meta property=\"article:publisher\" content=\"https:\/\/www.facebook.com\/profile.php?id=100090283616109\" \/>\n<meta property=\"article:published_time\" content=\"2022-05-27T13:20:50+00:00\" \/>\n<meta property=\"article:modified_time\" content=\"2026-01-09T09:04:43+00:00\" \/>\n<meta property=\"og:image\" content=\"https:\/\/www.stableawning.com\/wp-content\/uploads\/2022\/05\/stable-awning-balcony-awning3.jpg\" \/>\n\t<meta property=\"og:image:width\" content=\"700\" \/>\n\t<meta property=\"og:image:height\" content=\"600\" \/>\n\t<meta property=\"og:image:type\" content=\"image\/jpeg\" \/>\n<meta name=\"author\" content=\"StableAwning\" \/>\n<meta name=\"twitter:card\" content=\"summary_large_image\" \/>\n<meta name=\"twitter:label1\" content=\"Escrito por\" \/>\n\t<meta name=\"twitter:data1\" content=\"StableAwning\" \/>\n\t<meta name=\"twitter:label2\" content=\"Tempo estimado de leitura\" \/>\n\t<meta name=\"twitter:data2\" content=\"5 minutos\" \/>\n<script type=\"application\/ld+json\" class=\"yoast-schema-graph\">{\"@context\":\"https:\/\/schema.org\",\"@graph\":[{\"@type\":\"Article\",\"@id\":\"https:\/\/www.stableawning.com\/pt-pt\/toldo-de-varanda\/#article\",\"isPartOf\":{\"@id\":\"https:\/\/www.stableawning.com\/pt-pt\/toldo-de-varanda\/\"},\"author\":{\"name\":\"StableAwning\",\"@id\":\"https:\/\/www.stableawning.com\/#\/schema\/person\/104227957fb28f0c1847379a1b0ce3d6\"},\"headline\":\"Toldo de varanda\",\"datePublished\":\"2022-05-27T13:20:50+00:00\",\"dateModified\":\"2026-01-09T09:04:43+00:00\",\"mainEntityOfPage\":{\"@id\":\"https:\/\/www.stableawning.com\/pt-pt\/toldo-de-varanda\/\"},\"wordCount\":1099,\"publisher\":{\"@id\":\"https:\/\/www.stableawning.com\/#organization\"},\"image\":{\"@id\":\"https:\/\/www.stableawning.com\/pt-pt\/toldo-de-varanda\/#primaryimage\"},\"thumbnailUrl\":\"https:\/\/www.stableawning.com\/wp-content\/uploads\/2022\/05\/stable-awning-balcony-awning3.jpg\",\"articleSection\":[\"P\u00e1tio e Varanda Toldo\"],\"inLanguage\":\"pt-PT\"},{\"@type\":\"WebPage\",\"@id\":\"https:\/\/www.stableawning.com\/pt-pt\/toldo-de-varanda\/\",\"url\":\"https:\/\/www.stableawning.com\/pt-pt\/toldo-de-varanda\/\",\"name\":\"Fornecedor de toldos para varanda em liga de alum\u00ednio\",\"isPartOf\":{\"@id\":\"https:\/\/www.stableawning.com\/#website\"},\"primaryImageOfPage\":{\"@id\":\"https:\/\/www.stableawning.com\/pt-pt\/toldo-de-varanda\/#primaryimage\"},\"image\":{\"@id\":\"https:\/\/www.stableawning.com\/pt-pt\/toldo-de-varanda\/#primaryimage\"},\"thumbnailUrl\":\"https:\/\/www.stableawning.com\/wp-content\/uploads\/2022\/05\/stable-awning-balcony-awning3.jpg\",\"datePublished\":\"2022-05-27T13:20:50+00:00\",\"dateModified\":\"2026-01-09T09:04:43+00:00\",\"description\":\"O toldo para varanda \u00e9 concebido especificamente para este fim. A profundidade e o comprimento podem ser personalizados, mas a profundidade n\u00e3o deve ultrapassar os 2,5 metros (8,2 p\u00e9s), para garantir uma maior estabilidade ao toldo.\",\"breadcrumb\":{\"@id\":\"https:\/\/www.stableawning.com\/pt-pt\/toldo-de-varanda\/#breadcrumb\"},\"inLanguage\":\"pt-PT\",\"potentialAction\":[{\"@type\":\"ReadAction\",\"target\":[\"https:\/\/www.stableawning.com\/pt-pt\/toldo-de-varanda\/\"]}]},{\"@type\":\"ImageObject\",\"inLanguage\":\"pt-PT\",\"@id\":\"https:\/\/www.stableawning.com\/pt-pt\/toldo-de-varanda\/#primaryimage\",\"url\":\"https:\/\/www.stableawning.com\/wp-content\/uploads\/2022\/05\/stable-awning-balcony-awning3.jpg\",\"contentUrl\":\"https:\/\/www.stableawning.com\/wp-content\/uploads\/2022\/05\/stable-awning-balcony-awning3.jpg\",\"width\":700,\"height\":600,\"caption\":\"stable awning balcony awning\"},{\"@type\":\"BreadcrumbList\",\"@id\":\"https:\/\/www.stableawning.com\/pt-pt\/toldo-de-varanda\/#breadcrumb\",\"itemListElement\":[{\"@type\":\"ListItem\",\"position\":1,\"name\":\"Home\",\"item\":\"https:\/\/www.stableawning.com\/pt-pt\/\"},{\"@type\":\"ListItem\",\"position\":2,\"name\":\"Toldo de varanda\"}]},{\"@type\":\"WebSite\",\"@id\":\"https:\/\/www.stableawning.com\/#website\",\"url\":\"https:\/\/www.stableawning.com\/\",\"name\":\"Chongqing Stable Awning Manufacturing Co., Ltd.\",\"description\":\"\",\"publisher\":{\"@id\":\"https:\/\/www.stableawning.com\/#organization\"},\"potentialAction\":[{\"@type\":\"SearchAction\",\"target\":{\"@type\":\"EntryPoint\",\"urlTemplate\":\"https:\/\/www.stableawning.com\/?s={search_term_string}\"},\"query-input\":{\"@type\":\"PropertyValueSpecification\",\"valueRequired\":true,\"valueName\":\"search_term_string\"}}],\"inLanguage\":\"pt-PT\"},{\"@type\":\"Organization\",\"@id\":\"https:\/\/www.stableawning.com\/#organization\",\"name\":\"Chongqing Estavel Toldo Manufatura Co., Ltd.\",\"url\":\"https:\/\/www.stableawning.com\/\",\"logo\":{\"@type\":\"ImageObject\",\"inLanguage\":\"pt-PT\",\"@id\":\"https:\/\/www.stableawning.com\/#\/schema\/logo\/image\/\",\"url\":\"https:\/\/www.stableawning.com\/wp-content\/uploads\/2023\/03\/stable-awning-logo7.png\",\"contentUrl\":\"https:\/\/www.stableawning.com\/wp-content\/uploads\/2023\/03\/stable-awning-logo7.png\",\"width\":173,\"height\":82,\"caption\":\"Chongqing Estavel Toldo Manufatura Co., Ltd.\"},\"image\":{\"@id\":\"https:\/\/www.stableawning.com\/#\/schema\/logo\/image\/\"},\"sameAs\":[\"https:\/\/www.facebook.com\/profile.php?id=100090283616109\"]},{\"@type\":\"Person\",\"@id\":\"https:\/\/www.stableawning.com\/#\/schema\/person\/104227957fb28f0c1847379a1b0ce3d6\",\"name\":\"StableAwning\",\"url\":\"https:\/\/www.stableawning.com\/pt-pt\/author\/stableawning\/\"}]}<\/script>\n<!-- \/ Yoast SEO plugin. -->","yoast_head_json":{"title":"Fornecedor de toldos para varanda em liga de alum\u00ednio","description":"O toldo para varanda \u00e9 concebido especificamente para este fim. A profundidade e o comprimento podem ser personalizados, mas a profundidade n\u00e3o deve ultrapassar os 2,5 metros (8,2 p\u00e9s), para garantir uma maior estabilidade ao toldo.","robots":{"index":"index","follow":"follow","max-snippet":"max-snippet:-1","max-image-preview":"max-image-preview:large","max-video-preview":"max-video-preview:-1"},"canonical":"https:\/\/www.stableawning.com\/pt-pt\/toldo-de-varanda\/","og_locale":"pt_PT","og_type":"article","og_title":"Fornecedor de toldos para varanda em liga de alum\u00ednio","og_description":"O toldo para varanda \u00e9 concebido especificamente para este fim. A profundidade e o comprimento podem ser personalizados, mas a profundidade n\u00e3o deve ultrapassar os 2,5 metros (8,2 p\u00e9s), para garantir uma maior estabilidade ao toldo.","og_url":"https:\/\/www.stableawning.com\/pt-pt\/toldo-de-varanda\/","og_site_name":"Chongqing Estavel Toldo Manufatura Co., Ltd.","article_publisher":"https:\/\/www.facebook.com\/profile.php?id=100090283616109","article_published_time":"2022-05-27T13:20:50+00:00","article_modified_time":"2026-01-09T09:04:43+00:00","og_image":[{"width":700,"height":600,"url":"https:\/\/www.stableawning.com\/wp-content\/uploads\/2022\/05\/stable-awning-balcony-awning3.jpg","type":"image\/jpeg"}],"author":"StableAwning","twitter_card":"summary_large_image","twitter_misc":{"Escrito por":"StableAwning","Tempo estimado de leitura":"5 minutos"},"schema":{"@context":"https:\/\/schema.org","@graph":[{"@type":"Article","@id":"https:\/\/www.stableawning.com\/pt-pt\/toldo-de-varanda\/#article","isPartOf":{"@id":"https:\/\/www.stableawning.com\/pt-pt\/toldo-de-varanda\/"},"author":{"name":"StableAwning","@id":"https:\/\/www.stableawning.com\/#\/schema\/person\/104227957fb28f0c1847379a1b0ce3d6"},"headline":"Toldo de varanda","datePublished":"2022-05-27T13:20:50+00:00","dateModified":"2026-01-09T09:04:43+00:00","mainEntityOfPage":{"@id":"https:\/\/www.stableawning.com\/pt-pt\/toldo-de-varanda\/"},"wordCount":1099,"publisher":{"@id":"https:\/\/www.stableawning.com\/#organization"},"image":{"@id":"https:\/\/www.stableawning.com\/pt-pt\/toldo-de-varanda\/#primaryimage"},"thumbnailUrl":"https:\/\/www.stableawning.com\/wp-content\/uploads\/2022\/05\/stable-awning-balcony-awning3.jpg","articleSection":["P\u00e1tio e Varanda Toldo"],"inLanguage":"pt-PT"},{"@type":"WebPage","@id":"https:\/\/www.stableawning.com\/pt-pt\/toldo-de-varanda\/","url":"https:\/\/www.stableawning.com\/pt-pt\/toldo-de-varanda\/","name":"Fornecedor de toldos para varanda em liga de alum\u00ednio","isPartOf":{"@id":"https:\/\/www.stableawning.com\/#website"},"primaryImageOfPage":{"@id":"https:\/\/www.stableawning.com\/pt-pt\/toldo-de-varanda\/#primaryimage"},"image":{"@id":"https:\/\/www.stableawning.com\/pt-pt\/toldo-de-varanda\/#primaryimage"},"thumbnailUrl":"https:\/\/www.stableawning.com\/wp-content\/uploads\/2022\/05\/stable-awning-balcony-awning3.jpg","datePublished":"2022-05-27T13:20:50+00:00","dateModified":"2026-01-09T09:04:43+00:00","description":"O toldo para varanda \u00e9 concebido especificamente para este fim. A profundidade e o comprimento podem ser personalizados, mas a profundidade n\u00e3o deve ultrapassar os 2,5 metros (8,2 p\u00e9s), para garantir uma maior estabilidade ao toldo.","breadcrumb":{"@id":"https:\/\/www.stableawning.com\/pt-pt\/toldo-de-varanda\/#breadcrumb"},"inLanguage":"pt-PT","potentialAction":[{"@type":"ReadAction","target":["https:\/\/www.stableawning.com\/pt-pt\/toldo-de-varanda\/"]}]},{"@type":"ImageObject","inLanguage":"pt-PT","@id":"https:\/\/www.stableawning.com\/pt-pt\/toldo-de-varanda\/#primaryimage","url":"https:\/\/www.stableawning.com\/wp-content\/uploads\/2022\/05\/stable-awning-balcony-awning3.jpg","contentUrl":"https:\/\/www.stableawning.com\/wp-content\/uploads\/2022\/05\/stable-awning-balcony-awning3.jpg","width":700,"height":600,"caption":"stable awning balcony awning"},{"@type":"BreadcrumbList","@id":"https:\/\/www.stableawning.com\/pt-pt\/toldo-de-varanda\/#breadcrumb","itemListElement":[{"@type":"ListItem","position":1,"name":"Home","item":"https:\/\/www.stableawning.com\/pt-pt\/"},{"@type":"ListItem","position":2,"name":"Toldo de varanda"}]},{"@type":"WebSite","@id":"https:\/\/www.stableawning.com\/#website","url":"https:\/\/www.stableawning.com\/","name":"Chongqing Stable Awning Manufacturing Co., Ltd.","description":"","publisher":{"@id":"https:\/\/www.stableawning.com\/#organization"},"potentialAction":[{"@type":"SearchAction","target":{"@type":"EntryPoint","urlTemplate":"https:\/\/www.stableawning.com\/?s={search_term_string}"},"query-input":{"@type":"PropertyValueSpecification","valueRequired":true,"valueName":"search_term_string"}}],"inLanguage":"pt-PT"},{"@type":"Organization","@id":"https:\/\/www.stableawning.com\/#organization","name":"Chongqing Estavel Toldo Manufatura Co., Ltd.","url":"https:\/\/www.stableawning.com\/","logo":{"@type":"ImageObject","inLanguage":"pt-PT","@id":"https:\/\/www.stableawning.com\/#\/schema\/logo\/image\/","url":"https:\/\/www.stableawning.com\/wp-content\/uploads\/2023\/03\/stable-awning-logo7.png","contentUrl":"https:\/\/www.stableawning.com\/wp-content\/uploads\/2023\/03\/stable-awning-logo7.png","width":173,"height":82,"caption":"Chongqing Estavel Toldo Manufatura Co., Ltd."},"image":{"@id":"https:\/\/www.stableawning.com\/#\/schema\/logo\/image\/"},"sameAs":["https:\/\/www.facebook.com\/profile.php?id=100090283616109"]},{"@type":"Person","@id":"https:\/\/www.stableawning.com\/#\/schema\/person\/104227957fb28f0c1847379a1b0ce3d6","name":"StableAwning","url":"https:\/\/www.stableawning.com\/pt-pt\/author\/stableawning\/"}]}},"_links":{"self":[{"href":"https:\/\/www.stableawning.com\/pt-pt\/wp-json\/wp\/v2\/posts\/10878","targetHints":{"allow":["GET"]}}],"collection":[{"href":"https:\/\/www.stableawning.com\/pt-pt\/wp-json\/wp\/v2\/posts"}],"about":[{"href":"https:\/\/www.stableawning.com\/pt-pt\/wp-json\/wp\/v2\/types\/post"}],"author":[{"embeddable":true,"href":"https:\/\/www.stableawning.com\/pt-pt\/wp-json\/wp\/v2\/users\/2"}],"replies":[{"embeddable":true,"href":"https:\/\/www.stableawning.com\/pt-pt\/wp-json\/wp\/v2\/comments?post=10878"}],"version-history":[{"count":2,"href":"https:\/\/www.stableawning.com\/pt-pt\/wp-json\/wp\/v2\/posts\/10878\/revisions"}],"predecessor-version":[{"id":10902,"href":"https:\/\/www.stableawning.com\/pt-pt\/wp-json\/wp\/v2\/posts\/10878\/revisions\/10902"}],"wp:featuredmedia":[{"embeddable":true,"href":"https:\/\/www.stableawning.com\/pt-pt\/wp-json\/wp\/v2\/media\/10898"}],"wp:attachment":[{"href":"https:\/\/www.stableawning.com\/pt-pt\/wp-json\/wp\/v2\/media?parent=10878"}],"wp:term":[{"taxonomy":"category","embeddable":true,"href":"https:\/\/www.stableawning.com\/pt-pt\/wp-json\/wp\/v2\/categories?post=10878"},{"taxonomy":"post_tag","embeddable":true,"href":"https:\/\/www.stableawning.com\/pt-pt\/wp-json\/wp\/v2\/tags?post=10878"}],"curies":[{"name":"wp","href":"https:\/\/api.w.org\/{rel}","templated":true}]}}