{"id":12063,"date":"2025-10-31T16:24:15","date_gmt":"2025-10-31T08:24:15","guid":{"rendered":"https:\/\/www.stableawning.com\/cobertura-para-varanda-transformando-uma-estreita-laje-de-betao-num-ambiente-exterior-acolhedor\/"},"modified":"2025-10-31T16:24:15","modified_gmt":"2025-10-31T08:24:15","slug":"cobertura-para-varanda-transformando-uma-estreita-laje-de-betao-num-ambiente-exterior-acolhedor","status":"publish","type":"post","link":"https:\/\/www.stableawning.com\/pt-pt\/cobertura-para-varanda-transformando-uma-estreita-laje-de-betao-num-ambiente-exterior-acolhedor\/","title":{"rendered":"Cobertura para varanda: transformando uma estreita laje de bet\u00e3o num ambiente exterior acolhedor."},"content":{"rendered":"<h1 class=\"paragraph\" style=\"text-align: center;\">Cobertura para varanda: transformando uma estreita laje de bet\u00e3o num ambiente exterior acolhedor.<\/h1>\n<div class=\"paragraph\">A maioria das varandas chega sem nada \u2014 quatro paredes de bet\u00e3o e um parapeito que oferece mais vertigens do que conforto. Uma cobertura para varanda muda esta hist\u00f3ria em poucos minutos. Estende-se sobre a sua cabe\u00e7a como uma nuvem delicada, reduzindo o brilho, baixando a temperatura e dando ao espa\u00e7o uma raz\u00e3o para ser utilizado.  <\/div>\n<div class=\"paragraph\">A magia come\u00e7a com a escala. Ao contr\u00e1rio de uma p\u00e9rgula de jardim, uma cobertura de varanda precisa de respeitar limites estreitos. N\u00e3o pode estar muito baixa, sen\u00e3o a fachada do edif\u00edcio parece apertada; n\u00e3o pode projetar-se demasiado, sen\u00e3o o vento arrasta-a como uma vela. Os bons projetos utilizam bra\u00e7os finos, calhas escondidas e tecidos respir\u00e1veis \u200b\u200bpara que o ar quente escape para cima. O resultado \u00e9 uma sensa\u00e7\u00e3o de amplitude \u2014 tetos mais altos, luz mais suave, um vislumbre do c\u00e9u ainda vis\u00edvel atrav\u00e9s do policarbonato colorido ou da tela de malha aberta.    <\/div>\n<div class=\"paragraph\">O vento \u00e9 o inimigo silencioso. As varandas costeiras sofrem com a maresia; arranha-c\u00e9us urbanos enfrentam rajadas de vento que criam um efeito t\u00fanel. As coberturas modernas resolvem este problema com bra\u00e7os articulados que flexionam em vez de resistir, e estruturas concebidas para suportar rajadas at\u00e9 80 km\/h \u2014 suficientemente fortes para permitir deixar as portas de vidro abertas durante uma tempestade de ver\u00e3o sem que o tecido bata como um tambor.  <\/div>\n<div class=\"paragraph\">O controlo da luz torna-se pessoal. O pequeno-almo\u00e7o numa varanda virada a nascente pede um toldo articulado que se incline para baixo, bloqueando o sol baixo sem bloquear a vista. A luz poente da tarde exige um refletor retr\u00e1til que se abra apenas quando o brilho se torna intenso. Alguns tecidos incorporam mesmo min\u00fasculos fios de LED \u2014 ao entardecer, todo o toldo se transforma numa suave lanterna, dispensando o uso de candeeiros de p\u00e9.   <\/div>\n<div class=\"paragraph\">A privacidade chega de lado. Um toldo que se estende at\u00e9 \u00e0 borda do parapeito cria um teto; adicione uma cortina lateral transparente e os vizinhos ver\u00e3o um brilho suave, n\u00e3o o seu pijama. A mesma cortina bloqueia o vento, para que as velas se mantenham acesas e os guardanapos n\u00e3o voem para a rua.  <\/div>\n<div class=\"paragraph\">Os materiais falam a linguagem das varandas. O alum\u00ednio com revestimento em p\u00f3 n\u00e3o acrescenta peso \u00e0s lajes em consola. O acr\u00edlico tingido em solu\u00e7\u00e3o mant\u00e9m a cor durante uma d\u00e9cada, mesmo sob a a\u00e7\u00e3o do ozono e da maresia. Os pain\u00e9is de policarbonato transparente permitem observar as nuvens enquanto bloqueiam 99% dos raios UV \u2014 perfeitos para vasos de ervas que precisam de luz, mas n\u00e3o de calor intenso.   <\/div>\n<div class=\"paragraph\">A vulnerabilidade da cor altera o ambiente. Um tecido em tom areia sobre um revestimento branco evoca o Mediterr\u00e2neo; uma tela met\u00e1lica cor carv\u00e3o sobre carris de a\u00e7o preto remete para um bar na cobertura. O segredo est\u00e1 em fazer eco da paleta de cores do edif\u00edcio, para que a cobertura pare\u00e7a ter nascido ali, e n\u00e3o ter sido simplesmente acrescentada.  <\/div>\n<div class=\"paragraph\">As mudan\u00e7as sazonais tornam-se f\u00e1ceis. Nas manh\u00e3s de primavera, a cobertura \u00e9 aberta at\u00e9 metade para deixar entrar a luz suave. Ao meio-dia de ver\u00e3o, \u00e9 totalmente prolongada. No outono, \u00e9 recolhida para que o sol baixo e quente inunde a varanda. No inverno, \u00e9 mantida fechada, criando uma prote\u00e7\u00e3o contra o vento para que possa continuar a beber caf\u00e9 l\u00e1 fora enquanto outros se aconchegam dentro de casa.    <\/div>\n<div class=\"paragraph\">Se a sua varanda parece demasiado pequena, demasiado iluminada ou demasiado ventosa, uma cobertura \u00e9 a forma mais r\u00e1pida de aproveitar melhor o espa\u00e7o. Cria um teto onde n\u00e3o havia nenhum, transforma uma prateleira de bet\u00e3o numa divis\u00e3o com vista e oferece sombra quando quiser, sem ocupar um \u00fanico cent\u00edmetro do ch\u00e3o. <\/div>\n","protected":false},"excerpt":{"rendered":"<p>Cobertura para varanda: transformando uma estreita laje de bet\u00e3o num ambiente exterior acolhedor. A maioria das varandas chega sem nada \u2014 quatro paredes de bet\u00e3o e um parapeito que oferece mais vertigens do que conforto. Uma cobertura para varanda muda esta hist\u00f3ria em poucos minutos. Estende-se sobre a sua cabe\u00e7a como uma nuvem delicada, reduzindo&hellip;<\/p>\n","protected":false},"author":2,"featured_media":8388,"comment_status":"closed","ping_status":"closed","sticky":false,"template":"","format":"standard","meta":[],"categories":[59],"tags":[],"class_list":["post-12063","post","type-post","status-publish","format-standard","has-post-thumbnail","hentry","category-noticias-de-produtos","category-59","description-off"],"yoast_head":"<!-- This site is optimized with the Yoast SEO plugin v26.6 - https:\/\/yoast.com\/wordpress\/plugins\/seo\/ -->\n<title>Cobertura para varanda: transformando uma estreita laje de bet\u00e3o num ambiente exterior acolhedor.<\/title>\n<meta name=\"description\" content=\"A cobertura para varanda acrescenta teto, bloqueia o vento e os raios UV, transforma um espa\u00e7o compacto num lounge privado iluminado por lanternas \u2014 tecido, vidro ou tela, com bra\u00e7o articulado \u00e0 prova de vento.\" \/>\n<meta name=\"robots\" content=\"index, follow, max-snippet:-1, max-image-preview:large, max-video-preview:-1\" \/>\n<link rel=\"canonical\" href=\"https:\/\/www.stableawning.com\/pt-pt\/cobertura-para-varanda-transformando-uma-estreita-laje-de-betao-num-ambiente-exterior-acolhedor\/\" \/>\n<meta property=\"og:locale\" content=\"pt_PT\" \/>\n<meta property=\"og:type\" content=\"article\" \/>\n<meta property=\"og:title\" content=\"Cobertura para varanda: transformando uma estreita laje de bet\u00e3o num ambiente exterior acolhedor.\" \/>\n<meta property=\"og:description\" content=\"A cobertura para varanda acrescenta teto, bloqueia o vento e os raios UV, transforma um espa\u00e7o compacto num lounge privado iluminado por lanternas \u2014 tecido, vidro ou tela, com bra\u00e7o articulado \u00e0 prova de vento.\" \/>\n<meta property=\"og:url\" content=\"https:\/\/www.stableawning.com\/pt-pt\/cobertura-para-varanda-transformando-uma-estreita-laje-de-betao-num-ambiente-exterior-acolhedor\/\" \/>\n<meta property=\"og:site_name\" content=\"Chongqing Estavel Toldo Manufatura Co., Ltd.\" \/>\n<meta property=\"article:publisher\" content=\"https:\/\/www.facebook.com\/profile.php?id=100090283616109\" \/>\n<meta property=\"article:published_time\" content=\"2025-10-31T08:24:15+00:00\" \/>\n<meta property=\"og:image\" content=\"https:\/\/www.stableawning.com\/wp-content\/uploads\/2024\/08\/conner-awning-2.jpg\" \/>\n\t<meta property=\"og:image:width\" content=\"1706\" \/>\n\t<meta property=\"og:image:height\" content=\"1279\" \/>\n\t<meta property=\"og:image:type\" content=\"image\/jpeg\" \/>\n<meta name=\"author\" content=\"StableAwning\" \/>\n<meta name=\"twitter:card\" content=\"summary_large_image\" \/>\n<meta name=\"twitter:label1\" content=\"Escrito por\" \/>\n\t<meta name=\"twitter:data1\" content=\"StableAwning\" \/>\n\t<meta name=\"twitter:label2\" content=\"Tempo estimado de leitura\" \/>\n\t<meta name=\"twitter:data2\" content=\"3 minutos\" \/>\n<script type=\"application\/ld+json\" class=\"yoast-schema-graph\">{\"@context\":\"https:\/\/schema.org\",\"@graph\":[{\"@type\":\"Article\",\"@id\":\"https:\/\/www.stableawning.com\/pt-pt\/cobertura-para-varanda-transformando-uma-estreita-laje-de-betao-num-ambiente-exterior-acolhedor\/#article\",\"isPartOf\":{\"@id\":\"https:\/\/www.stableawning.com\/pt-pt\/cobertura-para-varanda-transformando-uma-estreita-laje-de-betao-num-ambiente-exterior-acolhedor\/\"},\"author\":{\"name\":\"StableAwning\",\"@id\":\"https:\/\/www.stableawning.com\/#\/schema\/person\/104227957fb28f0c1847379a1b0ce3d6\"},\"headline\":\"Cobertura para varanda: transformando uma estreita laje de bet\u00e3o num ambiente exterior acolhedor.\",\"datePublished\":\"2025-10-31T08:24:15+00:00\",\"mainEntityOfPage\":{\"@id\":\"https:\/\/www.stableawning.com\/pt-pt\/cobertura-para-varanda-transformando-uma-estreita-laje-de-betao-num-ambiente-exterior-acolhedor\/\"},\"wordCount\":675,\"publisher\":{\"@id\":\"https:\/\/www.stableawning.com\/#organization\"},\"image\":{\"@id\":\"https:\/\/www.stableawning.com\/pt-pt\/cobertura-para-varanda-transformando-uma-estreita-laje-de-betao-num-ambiente-exterior-acolhedor\/#primaryimage\"},\"thumbnailUrl\":\"https:\/\/www.stableawning.com\/wp-content\/uploads\/2024\/08\/conner-awning-2.jpg\",\"articleSection\":[\"Not\u00edcias de Produtos\"],\"inLanguage\":\"pt-PT\"},{\"@type\":\"WebPage\",\"@id\":\"https:\/\/www.stableawning.com\/pt-pt\/cobertura-para-varanda-transformando-uma-estreita-laje-de-betao-num-ambiente-exterior-acolhedor\/\",\"url\":\"https:\/\/www.stableawning.com\/pt-pt\/cobertura-para-varanda-transformando-uma-estreita-laje-de-betao-num-ambiente-exterior-acolhedor\/\",\"name\":\"Cobertura para varanda: transformando uma estreita laje de bet\u00e3o num ambiente exterior acolhedor.\",\"isPartOf\":{\"@id\":\"https:\/\/www.stableawning.com\/#website\"},\"primaryImageOfPage\":{\"@id\":\"https:\/\/www.stableawning.com\/pt-pt\/cobertura-para-varanda-transformando-uma-estreita-laje-de-betao-num-ambiente-exterior-acolhedor\/#primaryimage\"},\"image\":{\"@id\":\"https:\/\/www.stableawning.com\/pt-pt\/cobertura-para-varanda-transformando-uma-estreita-laje-de-betao-num-ambiente-exterior-acolhedor\/#primaryimage\"},\"thumbnailUrl\":\"https:\/\/www.stableawning.com\/wp-content\/uploads\/2024\/08\/conner-awning-2.jpg\",\"datePublished\":\"2025-10-31T08:24:15+00:00\",\"description\":\"A cobertura para varanda acrescenta teto, bloqueia o vento e os raios UV, transforma um espa\u00e7o compacto num lounge privado iluminado por lanternas \u2014 tecido, vidro ou tela, com bra\u00e7o articulado \u00e0 prova de vento.\",\"breadcrumb\":{\"@id\":\"https:\/\/www.stableawning.com\/pt-pt\/cobertura-para-varanda-transformando-uma-estreita-laje-de-betao-num-ambiente-exterior-acolhedor\/#breadcrumb\"},\"inLanguage\":\"pt-PT\",\"potentialAction\":[{\"@type\":\"ReadAction\",\"target\":[\"https:\/\/www.stableawning.com\/pt-pt\/cobertura-para-varanda-transformando-uma-estreita-laje-de-betao-num-ambiente-exterior-acolhedor\/\"]}]},{\"@type\":\"ImageObject\",\"inLanguage\":\"pt-PT\",\"@id\":\"https:\/\/www.stableawning.com\/pt-pt\/cobertura-para-varanda-transformando-uma-estreita-laje-de-betao-num-ambiente-exterior-acolhedor\/#primaryimage\",\"url\":\"https:\/\/www.stableawning.com\/wp-content\/uploads\/2024\/08\/conner-awning-2.jpg\",\"contentUrl\":\"https:\/\/www.stableawning.com\/wp-content\/uploads\/2024\/08\/conner-awning-2.jpg\",\"width\":1706,\"height\":1279},{\"@type\":\"BreadcrumbList\",\"@id\":\"https:\/\/www.stableawning.com\/pt-pt\/cobertura-para-varanda-transformando-uma-estreita-laje-de-betao-num-ambiente-exterior-acolhedor\/#breadcrumb\",\"itemListElement\":[{\"@type\":\"ListItem\",\"position\":1,\"name\":\"Home\",\"item\":\"https:\/\/www.stableawning.com\/pt-pt\/\"},{\"@type\":\"ListItem\",\"position\":2,\"name\":\"Cobertura para varanda: transformando uma estreita laje de bet\u00e3o num ambiente exterior acolhedor.\"}]},{\"@type\":\"WebSite\",\"@id\":\"https:\/\/www.stableawning.com\/#website\",\"url\":\"https:\/\/www.stableawning.com\/\",\"name\":\"Chongqing Stable Awning Manufacturing Co., Ltd.\",\"description\":\"\",\"publisher\":{\"@id\":\"https:\/\/www.stableawning.com\/#organization\"},\"potentialAction\":[{\"@type\":\"SearchAction\",\"target\":{\"@type\":\"EntryPoint\",\"urlTemplate\":\"https:\/\/www.stableawning.com\/?s={search_term_string}\"},\"query-input\":{\"@type\":\"PropertyValueSpecification\",\"valueRequired\":true,\"valueName\":\"search_term_string\"}}],\"inLanguage\":\"pt-PT\"},{\"@type\":\"Organization\",\"@id\":\"https:\/\/www.stableawning.com\/#organization\",\"name\":\"Chongqing Estavel Toldo Manufatura Co., Ltd.\",\"url\":\"https:\/\/www.stableawning.com\/\",\"logo\":{\"@type\":\"ImageObject\",\"inLanguage\":\"pt-PT\",\"@id\":\"https:\/\/www.stableawning.com\/#\/schema\/logo\/image\/\",\"url\":\"https:\/\/www.stableawning.com\/wp-content\/uploads\/2023\/03\/stable-awning-logo7.png\",\"contentUrl\":\"https:\/\/www.stableawning.com\/wp-content\/uploads\/2023\/03\/stable-awning-logo7.png\",\"width\":173,\"height\":82,\"caption\":\"Chongqing Estavel Toldo Manufatura Co., Ltd.\"},\"image\":{\"@id\":\"https:\/\/www.stableawning.com\/#\/schema\/logo\/image\/\"},\"sameAs\":[\"https:\/\/www.facebook.com\/profile.php?id=100090283616109\"]},{\"@type\":\"Person\",\"@id\":\"https:\/\/www.stableawning.com\/#\/schema\/person\/104227957fb28f0c1847379a1b0ce3d6\",\"name\":\"StableAwning\",\"url\":\"https:\/\/www.stableawning.com\/pt-pt\/author\/stableawning\/\"}]}<\/script>\n<!-- \/ Yoast SEO plugin. -->","yoast_head_json":{"title":"Cobertura para varanda: transformando uma estreita laje de bet\u00e3o num ambiente exterior acolhedor.","description":"A cobertura para varanda acrescenta teto, bloqueia o vento e os raios UV, transforma um espa\u00e7o compacto num lounge privado iluminado por lanternas \u2014 tecido, vidro ou tela, com bra\u00e7o articulado \u00e0 prova de vento.","robots":{"index":"index","follow":"follow","max-snippet":"max-snippet:-1","max-image-preview":"max-image-preview:large","max-video-preview":"max-video-preview:-1"},"canonical":"https:\/\/www.stableawning.com\/pt-pt\/cobertura-para-varanda-transformando-uma-estreita-laje-de-betao-num-ambiente-exterior-acolhedor\/","og_locale":"pt_PT","og_type":"article","og_title":"Cobertura para varanda: transformando uma estreita laje de bet\u00e3o num ambiente exterior acolhedor.","og_description":"A cobertura para varanda acrescenta teto, bloqueia o vento e os raios UV, transforma um espa\u00e7o compacto num lounge privado iluminado por lanternas \u2014 tecido, vidro ou tela, com bra\u00e7o articulado \u00e0 prova de vento.","og_url":"https:\/\/www.stableawning.com\/pt-pt\/cobertura-para-varanda-transformando-uma-estreita-laje-de-betao-num-ambiente-exterior-acolhedor\/","og_site_name":"Chongqing Estavel Toldo Manufatura Co., Ltd.","article_publisher":"https:\/\/www.facebook.com\/profile.php?id=100090283616109","article_published_time":"2025-10-31T08:24:15+00:00","og_image":[{"width":1706,"height":1279,"url":"https:\/\/www.stableawning.com\/wp-content\/uploads\/2024\/08\/conner-awning-2.jpg","type":"image\/jpeg"}],"author":"StableAwning","twitter_card":"summary_large_image","twitter_misc":{"Escrito por":"StableAwning","Tempo estimado de leitura":"3 minutos"},"schema":{"@context":"https:\/\/schema.org","@graph":[{"@type":"Article","@id":"https:\/\/www.stableawning.com\/pt-pt\/cobertura-para-varanda-transformando-uma-estreita-laje-de-betao-num-ambiente-exterior-acolhedor\/#article","isPartOf":{"@id":"https:\/\/www.stableawning.com\/pt-pt\/cobertura-para-varanda-transformando-uma-estreita-laje-de-betao-num-ambiente-exterior-acolhedor\/"},"author":{"name":"StableAwning","@id":"https:\/\/www.stableawning.com\/#\/schema\/person\/104227957fb28f0c1847379a1b0ce3d6"},"headline":"Cobertura para varanda: transformando uma estreita laje de bet\u00e3o num ambiente exterior acolhedor.","datePublished":"2025-10-31T08:24:15+00:00","mainEntityOfPage":{"@id":"https:\/\/www.stableawning.com\/pt-pt\/cobertura-para-varanda-transformando-uma-estreita-laje-de-betao-num-ambiente-exterior-acolhedor\/"},"wordCount":675,"publisher":{"@id":"https:\/\/www.stableawning.com\/#organization"},"image":{"@id":"https:\/\/www.stableawning.com\/pt-pt\/cobertura-para-varanda-transformando-uma-estreita-laje-de-betao-num-ambiente-exterior-acolhedor\/#primaryimage"},"thumbnailUrl":"https:\/\/www.stableawning.com\/wp-content\/uploads\/2024\/08\/conner-awning-2.jpg","articleSection":["Not\u00edcias de Produtos"],"inLanguage":"pt-PT"},{"@type":"WebPage","@id":"https:\/\/www.stableawning.com\/pt-pt\/cobertura-para-varanda-transformando-uma-estreita-laje-de-betao-num-ambiente-exterior-acolhedor\/","url":"https:\/\/www.stableawning.com\/pt-pt\/cobertura-para-varanda-transformando-uma-estreita-laje-de-betao-num-ambiente-exterior-acolhedor\/","name":"Cobertura para varanda: transformando uma estreita laje de bet\u00e3o num ambiente exterior acolhedor.","isPartOf":{"@id":"https:\/\/www.stableawning.com\/#website"},"primaryImageOfPage":{"@id":"https:\/\/www.stableawning.com\/pt-pt\/cobertura-para-varanda-transformando-uma-estreita-laje-de-betao-num-ambiente-exterior-acolhedor\/#primaryimage"},"image":{"@id":"https:\/\/www.stableawning.com\/pt-pt\/cobertura-para-varanda-transformando-uma-estreita-laje-de-betao-num-ambiente-exterior-acolhedor\/#primaryimage"},"thumbnailUrl":"https:\/\/www.stableawning.com\/wp-content\/uploads\/2024\/08\/conner-awning-2.jpg","datePublished":"2025-10-31T08:24:15+00:00","description":"A cobertura para varanda acrescenta teto, bloqueia o vento e os raios UV, transforma um espa\u00e7o compacto num lounge privado iluminado por lanternas \u2014 tecido, vidro ou tela, com bra\u00e7o articulado \u00e0 prova de vento.","breadcrumb":{"@id":"https:\/\/www.stableawning.com\/pt-pt\/cobertura-para-varanda-transformando-uma-estreita-laje-de-betao-num-ambiente-exterior-acolhedor\/#breadcrumb"},"inLanguage":"pt-PT","potentialAction":[{"@type":"ReadAction","target":["https:\/\/www.stableawning.com\/pt-pt\/cobertura-para-varanda-transformando-uma-estreita-laje-de-betao-num-ambiente-exterior-acolhedor\/"]}]},{"@type":"ImageObject","inLanguage":"pt-PT","@id":"https:\/\/www.stableawning.com\/pt-pt\/cobertura-para-varanda-transformando-uma-estreita-laje-de-betao-num-ambiente-exterior-acolhedor\/#primaryimage","url":"https:\/\/www.stableawning.com\/wp-content\/uploads\/2024\/08\/conner-awning-2.jpg","contentUrl":"https:\/\/www.stableawning.com\/wp-content\/uploads\/2024\/08\/conner-awning-2.jpg","width":1706,"height":1279},{"@type":"BreadcrumbList","@id":"https:\/\/www.stableawning.com\/pt-pt\/cobertura-para-varanda-transformando-uma-estreita-laje-de-betao-num-ambiente-exterior-acolhedor\/#breadcrumb","itemListElement":[{"@type":"ListItem","position":1,"name":"Home","item":"https:\/\/www.stableawning.com\/pt-pt\/"},{"@type":"ListItem","position":2,"name":"Cobertura para varanda: transformando uma estreita laje de bet\u00e3o num ambiente exterior acolhedor."}]},{"@type":"WebSite","@id":"https:\/\/www.stableawning.com\/#website","url":"https:\/\/www.stableawning.com\/","name":"Chongqing Stable Awning Manufacturing Co., Ltd.","description":"","publisher":{"@id":"https:\/\/www.stableawning.com\/#organization"},"potentialAction":[{"@type":"SearchAction","target":{"@type":"EntryPoint","urlTemplate":"https:\/\/www.stableawning.com\/?s={search_term_string}"},"query-input":{"@type":"PropertyValueSpecification","valueRequired":true,"valueName":"search_term_string"}}],"inLanguage":"pt-PT"},{"@type":"Organization","@id":"https:\/\/www.stableawning.com\/#organization","name":"Chongqing Estavel Toldo Manufatura Co., Ltd.","url":"https:\/\/www.stableawning.com\/","logo":{"@type":"ImageObject","inLanguage":"pt-PT","@id":"https:\/\/www.stableawning.com\/#\/schema\/logo\/image\/","url":"https:\/\/www.stableawning.com\/wp-content\/uploads\/2023\/03\/stable-awning-logo7.png","contentUrl":"https:\/\/www.stableawning.com\/wp-content\/uploads\/2023\/03\/stable-awning-logo7.png","width":173,"height":82,"caption":"Chongqing Estavel Toldo Manufatura Co., Ltd."},"image":{"@id":"https:\/\/www.stableawning.com\/#\/schema\/logo\/image\/"},"sameAs":["https:\/\/www.facebook.com\/profile.php?id=100090283616109"]},{"@type":"Person","@id":"https:\/\/www.stableawning.com\/#\/schema\/person\/104227957fb28f0c1847379a1b0ce3d6","name":"StableAwning","url":"https:\/\/www.stableawning.com\/pt-pt\/author\/stableawning\/"}]}},"_links":{"self":[{"href":"https:\/\/www.stableawning.com\/pt-pt\/wp-json\/wp\/v2\/posts\/12063","targetHints":{"allow":["GET"]}}],"collection":[{"href":"https:\/\/www.stableawning.com\/pt-pt\/wp-json\/wp\/v2\/posts"}],"about":[{"href":"https:\/\/www.stableawning.com\/pt-pt\/wp-json\/wp\/v2\/types\/post"}],"author":[{"embeddable":true,"href":"https:\/\/www.stableawning.com\/pt-pt\/wp-json\/wp\/v2\/users\/2"}],"replies":[{"embeddable":true,"href":"https:\/\/www.stableawning.com\/pt-pt\/wp-json\/wp\/v2\/comments?post=12063"}],"version-history":[{"count":0,"href":"https:\/\/www.stableawning.com\/pt-pt\/wp-json\/wp\/v2\/posts\/12063\/revisions"}],"wp:featuredmedia":[{"embeddable":true,"href":"https:\/\/www.stableawning.com\/pt-pt\/wp-json\/wp\/v2\/media\/8388"}],"wp:attachment":[{"href":"https:\/\/www.stableawning.com\/pt-pt\/wp-json\/wp\/v2\/media?parent=12063"}],"wp:term":[{"taxonomy":"category","embeddable":true,"href":"https:\/\/www.stableawning.com\/pt-pt\/wp-json\/wp\/v2\/categories?post=12063"},{"taxonomy":"post_tag","embeddable":true,"href":"https:\/\/www.stableawning.com\/pt-pt\/wp-json\/wp\/v2\/tags?post=12063"}],"curies":[{"name":"wp","href":"https:\/\/api.w.org\/{rel}","templated":true}]}}